{"id":182,"date":"2026-04-28T20:30:48","date_gmt":"2026-04-28T23:30:48","guid":{"rendered":"https:\/\/variacoessobreomesmotema.com\/?p=182"},"modified":"2026-04-28T21:07:34","modified_gmt":"2026-04-29T00:07:34","slug":"a-lanterna-das-memorias-perdidas","status":"publish","type":"post","link":"https:\/\/variacoessobreomesmotema.com\/index.php\/2026\/04\/28\/a-lanterna-das-memorias-perdidas\/","title":{"rendered":"A lanterna das mem\u00f3rias perdidas"},"content":{"rendered":"<p><span style=\"font-weight: 400;\">No come\u00e7o do ano eu precisava escolher uma leitura leve pra uma viagem de \u00f4nibus, aquelas horas que a gente quer passar r\u00e1pido sem ficar entediada. Acabei n\u00e3o conseguindo ler muito na viagem (hehehe) mas quando voltei pra casa devorei o livro.<\/span><\/p>\n<p><span style=\"font-weight: 400;\">Hoje quero indicar pra voc\u00eas a <\/span><b>Lanterna das Mem\u00f3rias Perdidas.<\/b><\/p>\n<p><span style=\"font-weight: 400;\">\u00c9 uma <strong>fic\u00e7\u00e3o de cura<\/strong>, e se voc\u00ea n\u00e3o sabe o que \u00e9, pesquisei pra te explicar: \u00e9 um g\u00eanero liter\u00e1rio, popularizado por obras sul-coreanas e japonesas, com narrativas leves e acolhedoras. As hist\u00f3rias costumam acontecer em lugares calmos, como livrarias e caf\u00e9s, e a ideia \u00e9 oferecer c<strong>onforto emocional e um respiro do estresse<\/strong> do dia a dia.<\/span><\/p>\n<p><span style=\"font-weight: 400;\">Esse \u00e9 um daqueles livros que eu ficaria horas conversando, porque ele me deixou bem reflexiva.\u00a0<\/span><\/p>\n<p><span style=\"font-weight: 400;\">Sem muito spoiler: a gente acompanha tr\u00eas personagens, tr\u00eas hist\u00f3rias, tr\u00eas vidas. A reflex\u00e3o \u00e9 sobre como a gente \u00e0s vezes revive o passado em vez de viver o presente, e como momentos marcantes constroem quem a gente \u00e9 hoje.<\/span><\/p>\n<p><img loading=\"lazy\" decoding=\"async\" class=\"alignnone size-medium wp-image-183\" src=\"https:\/\/variacoessobreomesmotema.com\/wp-content\/uploads\/2026\/04\/ChatGPT-Image-28-de-abr.-de-2026-20_24_43-300x300.png\" alt=\"\" width=\"300\" height=\"300\" srcset=\"https:\/\/variacoessobreomesmotema.com\/wp-content\/uploads\/2026\/04\/ChatGPT-Image-28-de-abr.-de-2026-20_24_43-300x300.png 300w, https:\/\/variacoessobreomesmotema.com\/wp-content\/uploads\/2026\/04\/ChatGPT-Image-28-de-abr.-de-2026-20_24_43-1024x1024.png 1024w, https:\/\/variacoessobreomesmotema.com\/wp-content\/uploads\/2026\/04\/ChatGPT-Image-28-de-abr.-de-2026-20_24_43-150x150.png 150w, https:\/\/variacoessobreomesmotema.com\/wp-content\/uploads\/2026\/04\/ChatGPT-Image-28-de-abr.-de-2026-20_24_43-768x768.png 768w, https:\/\/variacoessobreomesmotema.com\/wp-content\/uploads\/2026\/04\/ChatGPT-Image-28-de-abr.-de-2026-20_24_43-100x100.png 100w, https:\/\/variacoessobreomesmotema.com\/wp-content\/uploads\/2026\/04\/ChatGPT-Image-28-de-abr.-de-2026-20_24_43.png 1254w\" sizes=\"(max-width: 300px) 100vw, 300px\" \/><\/p>\n<p><span style=\"font-weight: 400;\">A hist\u00f3ria acontece num est\u00fadio de fotografia nada convencional. \u00c9 um espa\u00e7o de transi\u00e7\u00e3o: as pessoas que chegam l\u00e1 j\u00e1 morreram e recebem fotografias de acordo com a sua idade. <strong>A miss\u00e3o de cada uma \u00e9 escolher uma foto para cada ano da sua vida, independente de qual seja a lembran\u00e7a.<\/strong><\/span><\/p>\n<p><span style=\"font-weight: 400;\">Me emocionei v\u00e1rias vezes pensando nas minhas pr\u00f3prias mem\u00f3rias e no que eu levaria al\u00e9m do Instagram. Porque \u00e0s vezes a gente se ocupa demais pensando no \u00e2ngulo perfeito, na pose, no look, e esquece de se importar com o momento.<\/span><\/p>\n<p><span style=\"font-weight: 400;\">E voc\u00ea, o que t\u00e1 lendo agora? (ou tentando ler hehehe)<\/span><\/p>\n<p><span style=\"font-weight: 400;\">Me conta nos coment\u00e1rios, adoro saber o que t\u00e1 na cabeceira de voc\u00eas!<\/span><\/p>\n","protected":false},"excerpt":{"rendered":"<p>No come\u00e7o do ano eu precisava escolher uma leitura leve pra uma viagem de \u00f4nibus, aquelas horas que a gente quer passar r\u00e1pido sem ficar entediada. Acabei n\u00e3o conseguindo ler muito na viagem (hehehe) mas quando voltei pra casa devorei o livro. Hoje quero indicar pra voc\u00eas a Lanterna das Mem\u00f3rias Perdidas. \u00c9 uma fic\u00e7\u00e3o &hellip; <\/p>\n<p class=\"link-more\"><a href=\"https:\/\/variacoessobreomesmotema.com\/index.php\/2026\/04\/28\/a-lanterna-das-memorias-perdidas\/\" class=\"more-link\">Continue reading<span class=\"screen-reader-text\"> &#8220;A lanterna das mem\u00f3rias perdidas&#8221;<\/span><\/a><\/p>\n","protected":false},"author":1,"featured_media":0,"comment_status":"open","ping_status":"open","sticky":false,"template":"","format":"standard","meta":{"om_disable_all_campaigns":false,"_monsterinsights_skip_tracking":false,"_monsterinsights_sitenote_active":false,"_monsterinsights_sitenote_note":"","_monsterinsights_sitenote_category":0,"footnotes":""},"categories":[1],"tags":[18],"aioseo_notices":[],"_links":{"self":[{"href":"https:\/\/variacoessobreomesmotema.com\/index.php\/wp-json\/wp\/v2\/posts\/182"}],"collection":[{"href":"https:\/\/variacoessobreomesmotema.com\/index.php\/wp-json\/wp\/v2\/posts"}],"about":[{"href":"https:\/\/variacoessobreomesmotema.com\/index.php\/wp-json\/wp\/v2\/types\/post"}],"author":[{"embeddable":true,"href":"https:\/\/variacoessobreomesmotema.com\/index.php\/wp-json\/wp\/v2\/users\/1"}],"replies":[{"embeddable":true,"href":"https:\/\/variacoessobreomesmotema.com\/index.php\/wp-json\/wp\/v2\/comments?post=182"}],"version-history":[{"count":1,"href":"https:\/\/variacoessobreomesmotema.com\/index.php\/wp-json\/wp\/v2\/posts\/182\/revisions"}],"predecessor-version":[{"id":184,"href":"https:\/\/variacoessobreomesmotema.com\/index.php\/wp-json\/wp\/v2\/posts\/182\/revisions\/184"}],"wp:attachment":[{"href":"https:\/\/variacoessobreomesmotema.com\/index.php\/wp-json\/wp\/v2\/media?parent=182"}],"wp:term":[{"taxonomy":"category","embeddable":true,"href":"https:\/\/variacoessobreomesmotema.com\/index.php\/wp-json\/wp\/v2\/categories?post=182"},{"taxonomy":"post_tag","embeddable":true,"href":"https:\/\/variacoessobreomesmotema.com\/index.php\/wp-json\/wp\/v2\/tags?post=182"}],"curies":[{"name":"wp","href":"https:\/\/api.w.org\/{rel}","templated":true}]}}